{"id":806,"date":"2026-07-27T23:40:28","date_gmt":"2026-07-27T21:40:28","guid":{"rendered":"https:\/\/silje.es\/?p=806"},"modified":"2026-07-28T11:20:48","modified_gmt":"2026-07-28T09:20:48","slug":"respuesta-de-silje-a-las-declaraciones-del-delegado-de-medio-ambiente","status":"publish","type":"post","link":"https:\/\/silje.es\/index.php\/2026\/07\/27\/respuesta-de-silje-a-las-declaraciones-del-delegado-de-medio-ambiente\/","title":{"rendered":"Respuesta de SILJE a las declaraciones del delegado de Medio Ambiente"},"content":{"rendered":"\n<p class=\"wp-block-paragraph\">Jerez de la Frontera a 27 de julio de 2026.<\/p>\n\n\n\n<p class=\"wp-block-paragraph\">Tras la publicaci\u00f3n de nuestro comunicado en respuesta a las declaraciones del delegado de Medio Ambiente del Ayuntamiento de Jerez, ponemos ahora a disposici\u00f3n este documento audiovisual, que permite conocer de forma m\u00e1s clara, directa y completa nuestra posici\u00f3n.<\/p>\n\n\n\n<p class=\"wp-block-paragraph\">Las im\u00e1genes y explicaciones que contiene este v\u00eddeo ofrecen un contexto m\u00e1s amplio y esclarecedor sobre las afirmaciones realizadas, para que cada ciudadano pueda valorar los hechos con toda la informaci\u00f3n.<\/p>\n\n\n\n<p class=\"wp-block-paragraph\">Porque, en ocasiones, una imagen y los hechos explicados con claridad dicen m\u00e1s que cualquier declaraci\u00f3n.<\/p>\n\n\n\n<p class=\"wp-block-paragraph\">Video completo en el siguiente enlace<\/p>\n\n\n\n<p class=\"wp-block-paragraph\"><a href=\"https:\/\/drive.google.com\/file\/d\/1-uZzKEzxxnNJv53kcMXEXeX3M8a08p0k\/view?usp=sharing\">https:\/\/drive.google.com\/file\/d\/1-uZzKEzxxnNJv53kcMXEXeX3M8a08p0k\/view?usp=sharing<\/a><\/p>\n\n\n\n<p class=\"wp-block-paragraph\">Video: Onda Jerez Radiotelevisi\u00f3n \/ Canal de YouTube Oficial<\/p>\n\n\n\n<p class=\"wp-block-paragraph\"><\/p>\n","protected":false},"excerpt":{"rendered":"<p>Jerez de la Frontera a 27 de julio de 2026. Tras la publicaci\u00f3n de nuestro comunicado en respuesta a las declaraciones del delegado de Medio Ambiente del Ayuntamiento de Jerez, ponemos ahora a disposici\u00f3n este documento audiovisual, que permite conocer de forma m\u00e1s clara, directa y completa nuestra posici\u00f3n. Las im\u00e1genes y explicaciones que contiene [&hellip;]<\/p>\n","protected":false},"author":2,"featured_media":770,"comment_status":"open","ping_status":"open","sticky":false,"template":"","format":"standard","meta":{"saved_in_kubio":false,"footnotes":"","_members_access_role":[],"_members_access_error":""},"categories":[11],"tags":[],"class_list":["post-806","post","type-post","status-publish","format-standard","has-post-thumbnail","hentry","category-comunicados"],"yoast_head":"<!-- This site is optimized with the Yoast SEO plugin v28.0 - https:\/\/yoast.com\/product\/yoast-seo-wordpress\/ -->\n<title>Respuesta de SILJE a las declaraciones del delegado de Medio Ambiente -<\/title>\n<meta name=\"robots\" content=\"noindex, follow, max-snippet:-1, max-image-preview:large, max-video-preview:-1\" \/>\n<meta property=\"og:locale\" content=\"es_ES\" \/>\n<meta property=\"og:type\" content=\"article\" \/>\n<meta property=\"og:title\" content=\"Respuesta de SILJE a las declaraciones del delegado de Medio Ambiente -\" \/>\n<meta property=\"og:description\" content=\"Jerez de la Frontera a 27 de julio de 2026. Tras la publicaci\u00f3n de nuestro comunicado en respuesta a las declaraciones del delegado de Medio Ambiente del Ayuntamiento de Jerez, ponemos ahora a disposici\u00f3n este documento audiovisual, que permite conocer de forma m\u00e1s clara, directa y completa nuestra posici\u00f3n. Las im\u00e1genes y explicaciones que contiene [&hellip;]\" \/>\n<meta property=\"og:url\" content=\"https:\/\/silje.es\/index.php\/2026\/07\/27\/respuesta-de-silje-a-las-declaraciones-del-delegado-de-medio-ambiente\/\" \/>\n<meta property=\"article:publisher\" content=\"https:\/\/www.facebook.com\/share\/17Ych4KwU6\/\" \/>\n<meta property=\"article:published_time\" content=\"2026-07-27T21:40:28+00:00\" \/>\n<meta property=\"article:modified_time\" content=\"2026-07-28T09:20:48+00:00\" \/>\n<meta property=\"og:image\" content=\"https:\/\/silje.es\/wp-content\/uploads\/2026\/06\/Captura-desde-2026-06-29-11-36-55.png\" \/>\n\t<meta property=\"og:image:width\" content=\"452\" \/>\n\t<meta property=\"og:image:height\" content=\"304\" \/>\n\t<meta property=\"og:image:type\" content=\"image\/png\" \/>\n<meta name=\"author\" content=\"silje\" \/>\n<meta name=\"twitter:card\" content=\"summary_large_image\" \/>\n<meta name=\"twitter:creator\" content=\"@SILJE2020494779\" \/>\n<meta name=\"twitter:site\" content=\"@SILJE2020494779\" \/>\n<meta name=\"twitter:label1\" content=\"Escrito por\" \/>\n\t<meta name=\"twitter:data1\" content=\"silje\" \/>\n\t<meta name=\"twitter:label2\" content=\"Tiempo de lectura\" \/>\n\t<meta name=\"twitter:data2\" content=\"1 minuto\" \/>\n<script type=\"application\/ld+json\" class=\"yoast-schema-graph\">{\"@context\":\"https:\\\/\\\/schema.org\",\"@graph\":[{\"@type\":\"Article\",\"@id\":\"https:\\\/\\\/silje.es\\\/index.php\\\/2026\\\/07\\\/27\\\/respuesta-de-silje-a-las-declaraciones-del-delegado-de-medio-ambiente\\\/#article\",\"isPartOf\":{\"@id\":\"https:\\\/\\\/silje.es\\\/index.php\\\/2026\\\/07\\\/27\\\/respuesta-de-silje-a-las-declaraciones-del-delegado-de-medio-ambiente\\\/\"},\"author\":{\"name\":\"silje\",\"@id\":\"https:\\\/\\\/silje.es\\\/#\\\/schema\\\/person\\\/83f6a920c51d7fe43a434fb5afc34d98\"},\"headline\":\"Respuesta de SILJE a las declaraciones del delegado de Medio Ambiente\",\"datePublished\":\"2026-07-27T21:40:28+00:00\",\"dateModified\":\"2026-07-28T09:20:48+00:00\",\"mainEntityOfPage\":{\"@id\":\"https:\\\/\\\/silje.es\\\/index.php\\\/2026\\\/07\\\/27\\\/respuesta-de-silje-a-las-declaraciones-del-delegado-de-medio-ambiente\\\/\"},\"wordCount\":145,\"commentCount\":0,\"publisher\":{\"@id\":\"https:\\\/\\\/silje.es\\\/#organization\"},\"image\":{\"@id\":\"https:\\\/\\\/silje.es\\\/index.php\\\/2026\\\/07\\\/27\\\/respuesta-de-silje-a-las-declaraciones-del-delegado-de-medio-ambiente\\\/#primaryimage\"},\"thumbnailUrl\":\"https:\\\/\\\/silje.es\\\/wp-content\\\/uploads\\\/2026\\\/06\\\/Captura-desde-2026-06-29-11-36-55.png\",\"articleSection\":[\"Comunicados\"],\"inLanguage\":\"es\",\"potentialAction\":[{\"@type\":\"CommentAction\",\"name\":\"Comment\",\"target\":[\"https:\\\/\\\/silje.es\\\/index.php\\\/2026\\\/07\\\/27\\\/respuesta-de-silje-a-las-declaraciones-del-delegado-de-medio-ambiente\\\/#respond\"]}]},{\"@type\":\"WebPage\",\"@id\":\"https:\\\/\\\/silje.es\\\/index.php\\\/2026\\\/07\\\/27\\\/respuesta-de-silje-a-las-declaraciones-del-delegado-de-medio-ambiente\\\/\",\"url\":\"https:\\\/\\\/silje.es\\\/index.php\\\/2026\\\/07\\\/27\\\/respuesta-de-silje-a-las-declaraciones-del-delegado-de-medio-ambiente\\\/\",\"name\":\"Respuesta de SILJE a las declaraciones del delegado de Medio Ambiente -\",\"isPartOf\":{\"@id\":\"https:\\\/\\\/silje.es\\\/#website\"},\"primaryImageOfPage\":{\"@id\":\"https:\\\/\\\/silje.es\\\/index.php\\\/2026\\\/07\\\/27\\\/respuesta-de-silje-a-las-declaraciones-del-delegado-de-medio-ambiente\\\/#primaryimage\"},\"image\":{\"@id\":\"https:\\\/\\\/silje.es\\\/index.php\\\/2026\\\/07\\\/27\\\/respuesta-de-silje-a-las-declaraciones-del-delegado-de-medio-ambiente\\\/#primaryimage\"},\"thumbnailUrl\":\"https:\\\/\\\/silje.es\\\/wp-content\\\/uploads\\\/2026\\\/06\\\/Captura-desde-2026-06-29-11-36-55.png\",\"datePublished\":\"2026-07-27T21:40:28+00:00\",\"dateModified\":\"2026-07-28T09:20:48+00:00\",\"breadcrumb\":{\"@id\":\"https:\\\/\\\/silje.es\\\/index.php\\\/2026\\\/07\\\/27\\\/respuesta-de-silje-a-las-declaraciones-del-delegado-de-medio-ambiente\\\/#breadcrumb\"},\"inLanguage\":\"es\",\"potentialAction\":[{\"@type\":\"ReadAction\",\"target\":[\"https:\\\/\\\/silje.es\\\/index.php\\\/2026\\\/07\\\/27\\\/respuesta-de-silje-a-las-declaraciones-del-delegado-de-medio-ambiente\\\/\"]}]},{\"@type\":\"ImageObject\",\"inLanguage\":\"es\",\"@id\":\"https:\\\/\\\/silje.es\\\/index.php\\\/2026\\\/07\\\/27\\\/respuesta-de-silje-a-las-declaraciones-del-delegado-de-medio-ambiente\\\/#primaryimage\",\"url\":\"https:\\\/\\\/silje.es\\\/wp-content\\\/uploads\\\/2026\\\/06\\\/Captura-desde-2026-06-29-11-36-55.png\",\"contentUrl\":\"https:\\\/\\\/silje.es\\\/wp-content\\\/uploads\\\/2026\\\/06\\\/Captura-desde-2026-06-29-11-36-55.png\",\"width\":452,\"height\":304},{\"@type\":\"BreadcrumbList\",\"@id\":\"https:\\\/\\\/silje.es\\\/index.php\\\/2026\\\/07\\\/27\\\/respuesta-de-silje-a-las-declaraciones-del-delegado-de-medio-ambiente\\\/#breadcrumb\",\"itemListElement\":[{\"@type\":\"ListItem\",\"position\":1,\"name\":\"Portada\",\"item\":\"https:\\\/\\\/silje.es\\\/\"},{\"@type\":\"ListItem\",\"position\":2,\"name\":\"Respuesta de SILJE a las declaraciones del delegado de Medio Ambiente\"}]},{\"@type\":\"WebSite\",\"@id\":\"https:\\\/\\\/silje.es\\\/#website\",\"url\":\"https:\\\/\\\/silje.es\\\/\",\"name\":\"Silje\",\"description\":\"Defensa de los derechos laborales en la limpieza viaria y de recogida de residuos de Jerez\",\"publisher\":{\"@id\":\"https:\\\/\\\/silje.es\\\/#organization\"},\"potentialAction\":[{\"@type\":\"SearchAction\",\"target\":{\"@type\":\"EntryPoint\",\"urlTemplate\":\"https:\\\/\\\/silje.es\\\/?s={search_term_string}\"},\"query-input\":{\"@type\":\"PropertyValueSpecification\",\"valueRequired\":true,\"valueName\":\"search_term_string\"}}],\"inLanguage\":\"es\"},{\"@type\":\"Organization\",\"@id\":\"https:\\\/\\\/silje.es\\\/#organization\",\"name\":\"Silje\",\"url\":\"https:\\\/\\\/silje.es\\\/\",\"logo\":{\"@type\":\"ImageObject\",\"inLanguage\":\"es\",\"@id\":\"https:\\\/\\\/silje.es\\\/#\\\/schema\\\/logo\\\/image\\\/\",\"url\":\"https:\\\/\\\/silje.es\\\/wp-content\\\/uploads\\\/2025\\\/12\\\/LOGO2.png\",\"contentUrl\":\"https:\\\/\\\/silje.es\\\/wp-content\\\/uploads\\\/2025\\\/12\\\/LOGO2.png\",\"width\":1024,\"height\":1024,\"caption\":\"Silje\"},\"image\":{\"@id\":\"https:\\\/\\\/silje.es\\\/#\\\/schema\\\/logo\\\/image\\\/\"},\"sameAs\":[\"https:\\\/\\\/www.facebook.com\\\/share\\\/17Ych4KwU6\\\/\",\"https:\\\/\\\/x.com\\\/SILJE2020494779\"]},{\"@type\":\"Person\",\"@id\":\"https:\\\/\\\/silje.es\\\/#\\\/schema\\\/person\\\/83f6a920c51d7fe43a434fb5afc34d98\",\"name\":\"silje\",\"image\":{\"@type\":\"ImageObject\",\"inLanguage\":\"es\",\"@id\":\"https:\\\/\\\/secure.gravatar.com\\\/avatar\\\/1100999215adab01e78051baa67ec4c8ab5f47ef9c31bf88ef45ae58489263bb?s=96&d=mm&r=g\",\"url\":\"https:\\\/\\\/secure.gravatar.com\\\/avatar\\\/1100999215adab01e78051baa67ec4c8ab5f47ef9c31bf88ef45ae58489263bb?s=96&d=mm&r=g\",\"contentUrl\":\"https:\\\/\\\/secure.gravatar.com\\\/avatar\\\/1100999215adab01e78051baa67ec4c8ab5f47ef9c31bf88ef45ae58489263bb?s=96&d=mm&r=g\",\"caption\":\"silje\"},\"url\":\"https:\\\/\\\/silje.es\\\/index.php\\\/author\\\/silje\\\/\"}]}<\/script>\n<!-- \/ Yoast SEO plugin. -->","yoast_head_json":{"title":"Respuesta de SILJE a las declaraciones del delegado de Medio Ambiente -","robots":{"index":"noindex","follow":"follow","max-snippet":"max-snippet:-1","max-image-preview":"max-image-preview:large","max-video-preview":"max-video-preview:-1"},"og_locale":"es_ES","og_type":"article","og_title":"Respuesta de SILJE a las declaraciones del delegado de Medio Ambiente -","og_description":"Jerez de la Frontera a 27 de julio de 2026. Tras la publicaci\u00f3n de nuestro comunicado en respuesta a las declaraciones del delegado de Medio Ambiente del Ayuntamiento de Jerez, ponemos ahora a disposici\u00f3n este documento audiovisual, que permite conocer de forma m\u00e1s clara, directa y completa nuestra posici\u00f3n. Las im\u00e1genes y explicaciones que contiene [&hellip;]","og_url":"https:\/\/silje.es\/index.php\/2026\/07\/27\/respuesta-de-silje-a-las-declaraciones-del-delegado-de-medio-ambiente\/","article_publisher":"https:\/\/www.facebook.com\/share\/17Ych4KwU6\/","article_published_time":"2026-07-27T21:40:28+00:00","article_modified_time":"2026-07-28T09:20:48+00:00","og_image":[{"width":452,"height":304,"url":"https:\/\/silje.es\/wp-content\/uploads\/2026\/06\/Captura-desde-2026-06-29-11-36-55.png","type":"image\/png"}],"author":"silje","twitter_card":"summary_large_image","twitter_creator":"@SILJE2020494779","twitter_site":"@SILJE2020494779","twitter_misc":{"Escrito por":"silje","Tiempo de lectura":"1 minuto"},"schema":{"@context":"https:\/\/schema.org","@graph":[{"@type":"Article","@id":"https:\/\/silje.es\/index.php\/2026\/07\/27\/respuesta-de-silje-a-las-declaraciones-del-delegado-de-medio-ambiente\/#article","isPartOf":{"@id":"https:\/\/silje.es\/index.php\/2026\/07\/27\/respuesta-de-silje-a-las-declaraciones-del-delegado-de-medio-ambiente\/"},"author":{"name":"silje","@id":"https:\/\/silje.es\/#\/schema\/person\/83f6a920c51d7fe43a434fb5afc34d98"},"headline":"Respuesta de SILJE a las declaraciones del delegado de Medio Ambiente","datePublished":"2026-07-27T21:40:28+00:00","dateModified":"2026-07-28T09:20:48+00:00","mainEntityOfPage":{"@id":"https:\/\/silje.es\/index.php\/2026\/07\/27\/respuesta-de-silje-a-las-declaraciones-del-delegado-de-medio-ambiente\/"},"wordCount":145,"commentCount":0,"publisher":{"@id":"https:\/\/silje.es\/#organization"},"image":{"@id":"https:\/\/silje.es\/index.php\/2026\/07\/27\/respuesta-de-silje-a-las-declaraciones-del-delegado-de-medio-ambiente\/#primaryimage"},"thumbnailUrl":"https:\/\/silje.es\/wp-content\/uploads\/2026\/06\/Captura-desde-2026-06-29-11-36-55.png","articleSection":["Comunicados"],"inLanguage":"es","potentialAction":[{"@type":"CommentAction","name":"Comment","target":["https:\/\/silje.es\/index.php\/2026\/07\/27\/respuesta-de-silje-a-las-declaraciones-del-delegado-de-medio-ambiente\/#respond"]}]},{"@type":"WebPage","@id":"https:\/\/silje.es\/index.php\/2026\/07\/27\/respuesta-de-silje-a-las-declaraciones-del-delegado-de-medio-ambiente\/","url":"https:\/\/silje.es\/index.php\/2026\/07\/27\/respuesta-de-silje-a-las-declaraciones-del-delegado-de-medio-ambiente\/","name":"Respuesta de SILJE a las declaraciones del delegado de Medio Ambiente -","isPartOf":{"@id":"https:\/\/silje.es\/#website"},"primaryImageOfPage":{"@id":"https:\/\/silje.es\/index.php\/2026\/07\/27\/respuesta-de-silje-a-las-declaraciones-del-delegado-de-medio-ambiente\/#primaryimage"},"image":{"@id":"https:\/\/silje.es\/index.php\/2026\/07\/27\/respuesta-de-silje-a-las-declaraciones-del-delegado-de-medio-ambiente\/#primaryimage"},"thumbnailUrl":"https:\/\/silje.es\/wp-content\/uploads\/2026\/06\/Captura-desde-2026-06-29-11-36-55.png","datePublished":"2026-07-27T21:40:28+00:00","dateModified":"2026-07-28T09:20:48+00:00","breadcrumb":{"@id":"https:\/\/silje.es\/index.php\/2026\/07\/27\/respuesta-de-silje-a-las-declaraciones-del-delegado-de-medio-ambiente\/#breadcrumb"},"inLanguage":"es","potentialAction":[{"@type":"ReadAction","target":["https:\/\/silje.es\/index.php\/2026\/07\/27\/respuesta-de-silje-a-las-declaraciones-del-delegado-de-medio-ambiente\/"]}]},{"@type":"ImageObject","inLanguage":"es","@id":"https:\/\/silje.es\/index.php\/2026\/07\/27\/respuesta-de-silje-a-las-declaraciones-del-delegado-de-medio-ambiente\/#primaryimage","url":"https:\/\/silje.es\/wp-content\/uploads\/2026\/06\/Captura-desde-2026-06-29-11-36-55.png","contentUrl":"https:\/\/silje.es\/wp-content\/uploads\/2026\/06\/Captura-desde-2026-06-29-11-36-55.png","width":452,"height":304},{"@type":"BreadcrumbList","@id":"https:\/\/silje.es\/index.php\/2026\/07\/27\/respuesta-de-silje-a-las-declaraciones-del-delegado-de-medio-ambiente\/#breadcrumb","itemListElement":[{"@type":"ListItem","position":1,"name":"Portada","item":"https:\/\/silje.es\/"},{"@type":"ListItem","position":2,"name":"Respuesta de SILJE a las declaraciones del delegado de Medio Ambiente"}]},{"@type":"WebSite","@id":"https:\/\/silje.es\/#website","url":"https:\/\/silje.es\/","name":"Silje","description":"Defensa de los derechos laborales en la limpieza viaria y de recogida de residuos de Jerez","publisher":{"@id":"https:\/\/silje.es\/#organization"},"potentialAction":[{"@type":"SearchAction","target":{"@type":"EntryPoint","urlTemplate":"https:\/\/silje.es\/?s={search_term_string}"},"query-input":{"@type":"PropertyValueSpecification","valueRequired":true,"valueName":"search_term_string"}}],"inLanguage":"es"},{"@type":"Organization","@id":"https:\/\/silje.es\/#organization","name":"Silje","url":"https:\/\/silje.es\/","logo":{"@type":"ImageObject","inLanguage":"es","@id":"https:\/\/silje.es\/#\/schema\/logo\/image\/","url":"https:\/\/silje.es\/wp-content\/uploads\/2025\/12\/LOGO2.png","contentUrl":"https:\/\/silje.es\/wp-content\/uploads\/2025\/12\/LOGO2.png","width":1024,"height":1024,"caption":"Silje"},"image":{"@id":"https:\/\/silje.es\/#\/schema\/logo\/image\/"},"sameAs":["https:\/\/www.facebook.com\/share\/17Ych4KwU6\/","https:\/\/x.com\/SILJE2020494779"]},{"@type":"Person","@id":"https:\/\/silje.es\/#\/schema\/person\/83f6a920c51d7fe43a434fb5afc34d98","name":"silje","image":{"@type":"ImageObject","inLanguage":"es","@id":"https:\/\/secure.gravatar.com\/avatar\/1100999215adab01e78051baa67ec4c8ab5f47ef9c31bf88ef45ae58489263bb?s=96&d=mm&r=g","url":"https:\/\/secure.gravatar.com\/avatar\/1100999215adab01e78051baa67ec4c8ab5f47ef9c31bf88ef45ae58489263bb?s=96&d=mm&r=g","contentUrl":"https:\/\/secure.gravatar.com\/avatar\/1100999215adab01e78051baa67ec4c8ab5f47ef9c31bf88ef45ae58489263bb?s=96&d=mm&r=g","caption":"silje"},"url":"https:\/\/silje.es\/index.php\/author\/silje\/"}]}},"_links":{"self":[{"href":"https:\/\/silje.es\/index.php\/wp-json\/wp\/v2\/posts\/806","targetHints":{"allow":["GET"]}}],"collection":[{"href":"https:\/\/silje.es\/index.php\/wp-json\/wp\/v2\/posts"}],"about":[{"href":"https:\/\/silje.es\/index.php\/wp-json\/wp\/v2\/types\/post"}],"author":[{"embeddable":true,"href":"https:\/\/silje.es\/index.php\/wp-json\/wp\/v2\/users\/2"}],"replies":[{"embeddable":true,"href":"https:\/\/silje.es\/index.php\/wp-json\/wp\/v2\/comments?post=806"}],"version-history":[{"count":5,"href":"https:\/\/silje.es\/index.php\/wp-json\/wp\/v2\/posts\/806\/revisions"}],"predecessor-version":[{"id":812,"href":"https:\/\/silje.es\/index.php\/wp-json\/wp\/v2\/posts\/806\/revisions\/812"}],"wp:featuredmedia":[{"embeddable":true,"href":"https:\/\/silje.es\/index.php\/wp-json\/wp\/v2\/media\/770"}],"wp:attachment":[{"href":"https:\/\/silje.es\/index.php\/wp-json\/wp\/v2\/media?parent=806"}],"wp:term":[{"taxonomy":"category","embeddable":true,"href":"https:\/\/silje.es\/index.php\/wp-json\/wp\/v2\/categories?post=806"},{"taxonomy":"post_tag","embeddable":true,"href":"https:\/\/silje.es\/index.php\/wp-json\/wp\/v2\/tags?post=806"}],"curies":[{"name":"wp","href":"https:\/\/api.w.org\/{rel}","templated":true}]}}