{"id":826,"date":"2026-07-31T16:51:49","date_gmt":"2026-07-31T14:51:49","guid":{"rendered":"https:\/\/silje.es\/?p=826"},"modified":"2026-07-31T17:37:57","modified_gmt":"2026-07-31T15:37:57","slug":"justicia-razon-elecciones","status":"publish","type":"post","link":"https:\/\/silje.es\/index.php\/2026\/07\/31\/justicia-razon-elecciones\/","title":{"rendered":"La justicia nos da la raz\u00f3n: El Tribunal de lo Social tumba las maniobras para bloquear las elecciones en UTE Jerez"},"content":{"rendered":"\n<p class=\"wp-block-paragraph\"><\/p>\n\n\n\n<ul class=\"wp-block-list\">\n<li>El Tribunal de lo Social N\u00ba 3 de Jerez de la Frontera tumba de forma fulminante la medida cautelar que buscaba paralizar las urnas.<\/li>\n\n\n\n<li>La resoluci\u00f3n judicial destapa que la empresa pretend\u00eda suspender las elecciones sin aportar una sola prueba.<\/li>\n\n\n\n<li>SILJE denunciar\u00e1 los hechos ante la Inspecci\u00f3n de Trabajo y advierte de que recurrir\u00e1 a la v\u00eda penal ante nuevas dilaciones.<\/li>\n<\/ul>\n\n\n\n<p class=\"wp-block-paragraph\">El Sindicato Independiente de la Limpieza de Jerez (<strong>SILJE<\/strong>) celebra el rotundo varapalo judicial asestado por el Tribunal de Instancia de lo Social N\u00ba 3 de Jerez de la Frontera contra la direcci\u00f3n de Jerez U.T.E. y las centrales sindicales afines. El Auto ha desestimado \u00edntegramente la medida cautelar inaudita parte que pretend\u00eda la paralizaci\u00f3n inmediata de las elecciones sindicales.<\/p>\n\n\n\n<p class=\"wp-block-paragraph\">La resoluci\u00f3n judicial resulta demoledora. La Magistrada titular fundamenta la denegaci\u00f3n en la absoluta inexistencia de los requisitos legales b\u00e1sicos, se\u00f1alando de forma expl\u00edcita que la empresa no aport\u00f3 ninguna documentaci\u00f3n que demostrara la nulidad del laudo arbitral, limit\u00e1ndose a invocar una abstracta &#8220;inseguridad jur\u00eddica&#8221;.<\/p>\n\n\n\n<p class=\"wp-block-paragraph\">Para <strong>SILJE<\/strong>, esta maniobra fallida forma parte de una estrategia orquestada que ya acumula cerca de cinco meses de dilaci\u00f3n artificial con el \u00fanico fin de evitar el escrutinio de las urnas y perpetuar una representatividad ficticia en el comit\u00e9.<\/p>\n\n\n\n<h4 class=\"wp-block-heading\">Ofensiva ante la Inspecci\u00f3n de Trabajo y advertencia penal<\/h4>\n\n\n\n<p class=\"wp-block-paragraph\"><strong>SILJE<\/strong> anuncia la interposici\u00f3n inmediata de una denuncia formal ante la Inspecci\u00f3n de Trabajo y Seguridad Social para exigir que tanto la patronal como los sindicatos alineados con su estrategia asuman las responsabilidades administrativas por una presunta vulneraci\u00f3n flagrante de la libertad sindical.<\/p>\n\n\n\n<p class=\"wp-block-paragraph\">Asimismo, el sindicato advierte de manera inequ\u00edvoca que se reserva el derecho a emprender acciones por la v\u00eda penal exigiendo responsabilidades penales personales contra los responsables si persisten las maniobras de obstrucci\u00f3n maliciosa contra los derechos laborales de la plantilla.<\/p>\n\n\n\n<p class=\"wp-block-paragraph\">&#8220;Llevamos casi medio a\u00f1o soportando un bloqueo intolerable. Han intentado ganar en los despachos lo que saben que van a perder en las urnas&#8221;, declaran desde la direcci\u00f3n de <strong>SILJE<\/strong>. &#8220;La justicia ha dejado claro que las elecciones no se tocan. Si vuelven a intentar secuestrar el voto de los trabajadores, la siguiente parada ser\u00e1 el Juzgado de Instrucci\u00f3n Penal&#8221;.<\/p>\n","protected":false},"excerpt":{"rendered":"<p>El Sindicato Independiente de la Limpieza de Jerez (SILJE) celebra el rotundo varapalo judicial asestado por el Tribunal de Instancia de lo Social N\u00ba 3 de Jerez de la Frontera contra la direcci\u00f3n de Jerez U.T.E. y las centrales sindicales afines. El Auto ha desestimado \u00edntegramente la medida cautelar inaudita parte que pretend\u00eda la paralizaci\u00f3n [&hellip;]<\/p>\n","protected":false},"author":2,"featured_media":818,"comment_status":"open","ping_status":"open","sticky":false,"template":"","format":"standard","meta":{"saved_in_kubio":false,"footnotes":"","_members_access_role":[],"_members_access_error":""},"categories":[1],"tags":[],"class_list":["post-826","post","type-post","status-publish","format-standard","has-post-thumbnail","hentry","category-noticias"],"yoast_head":"<!-- This site is optimized with the Yoast SEO plugin v28.0 - https:\/\/yoast.com\/product\/yoast-seo-wordpress\/ -->\n<title>La justicia nos da la raz\u00f3n: El Tribunal de lo Social tumba las maniobras para bloquear las elecciones en UTE Jerez -<\/title>\n<meta name=\"robots\" content=\"noindex, follow, max-snippet:-1, max-image-preview:large, max-video-preview:-1\" \/>\n<meta property=\"og:locale\" content=\"es_ES\" \/>\n<meta property=\"og:type\" content=\"article\" \/>\n<meta property=\"og:title\" content=\"La justicia nos da la raz\u00f3n: El Tribunal de lo Social tumba las maniobras para bloquear las elecciones en UTE Jerez -\" \/>\n<meta property=\"og:description\" content=\"El Sindicato Independiente de la Limpieza de Jerez (SILJE) celebra el rotundo varapalo judicial asestado por el Tribunal de Instancia de lo Social N\u00ba 3 de Jerez de la Frontera contra la direcci\u00f3n de Jerez U.T.E. y las centrales sindicales afines. El Auto ha desestimado \u00edntegramente la medida cautelar inaudita parte que pretend\u00eda la paralizaci\u00f3n [&hellip;]\" \/>\n<meta property=\"og:url\" content=\"https:\/\/silje.es\/index.php\/2026\/07\/31\/justicia-razon-elecciones\/\" \/>\n<meta property=\"article:publisher\" content=\"https:\/\/www.facebook.com\/share\/17Ych4KwU6\/\" \/>\n<meta property=\"article:published_time\" content=\"2026-07-31T14:51:49+00:00\" \/>\n<meta property=\"article:modified_time\" content=\"2026-07-31T15:37:57+00:00\" \/>\n<meta property=\"og:image\" content=\"https:\/\/silje.es\/wp-content\/uploads\/2026\/07\/Captura-de-pantalla-juzgado-social.png\" \/>\n\t<meta property=\"og:image:width\" content=\"609\" \/>\n\t<meta property=\"og:image:height\" content=\"472\" \/>\n\t<meta property=\"og:image:type\" content=\"image\/png\" \/>\n<meta name=\"author\" content=\"silje\" \/>\n<meta name=\"twitter:card\" content=\"summary_large_image\" \/>\n<meta name=\"twitter:creator\" content=\"@SILJE2020494779\" \/>\n<meta name=\"twitter:site\" content=\"@SILJE2020494779\" \/>\n<meta name=\"twitter:label1\" content=\"Escrito por\" \/>\n\t<meta name=\"twitter:data1\" content=\"silje\" \/>\n\t<meta name=\"twitter:label2\" content=\"Tiempo de lectura\" \/>\n\t<meta name=\"twitter:data2\" content=\"2 minutos\" \/>\n<script type=\"application\/ld+json\" class=\"yoast-schema-graph\">{\"@context\":\"https:\\\/\\\/schema.org\",\"@graph\":[{\"@type\":\"Article\",\"@id\":\"https:\\\/\\\/silje.es\\\/index.php\\\/2026\\\/07\\\/31\\\/justicia-razon-elecciones\\\/#article\",\"isPartOf\":{\"@id\":\"https:\\\/\\\/silje.es\\\/index.php\\\/2026\\\/07\\\/31\\\/justicia-razon-elecciones\\\/\"},\"author\":{\"name\":\"silje\",\"@id\":\"https:\\\/\\\/silje.es\\\/#\\\/schema\\\/person\\\/83f6a920c51d7fe43a434fb5afc34d98\"},\"headline\":\"La justicia nos da la raz\u00f3n: El Tribunal de lo Social tumba las maniobras para bloquear las elecciones en UTE Jerez\",\"datePublished\":\"2026-07-31T14:51:49+00:00\",\"dateModified\":\"2026-07-31T15:37:57+00:00\",\"mainEntityOfPage\":{\"@id\":\"https:\\\/\\\/silje.es\\\/index.php\\\/2026\\\/07\\\/31\\\/justicia-razon-elecciones\\\/\"},\"wordCount\":406,\"commentCount\":0,\"publisher\":{\"@id\":\"https:\\\/\\\/silje.es\\\/#organization\"},\"image\":{\"@id\":\"https:\\\/\\\/silje.es\\\/index.php\\\/2026\\\/07\\\/31\\\/justicia-razon-elecciones\\\/#primaryimage\"},\"thumbnailUrl\":\"https:\\\/\\\/silje.es\\\/wp-content\\\/uploads\\\/2026\\\/07\\\/Captura-de-pantalla-juzgado-social.png\",\"articleSection\":[\"Noticias\"],\"inLanguage\":\"es\",\"potentialAction\":[{\"@type\":\"CommentAction\",\"name\":\"Comment\",\"target\":[\"https:\\\/\\\/silje.es\\\/index.php\\\/2026\\\/07\\\/31\\\/justicia-razon-elecciones\\\/#respond\"]}]},{\"@type\":\"WebPage\",\"@id\":\"https:\\\/\\\/silje.es\\\/index.php\\\/2026\\\/07\\\/31\\\/justicia-razon-elecciones\\\/\",\"url\":\"https:\\\/\\\/silje.es\\\/index.php\\\/2026\\\/07\\\/31\\\/justicia-razon-elecciones\\\/\",\"name\":\"La justicia nos da la raz\u00f3n: El Tribunal de lo Social tumba las maniobras para bloquear las elecciones en UTE Jerez -\",\"isPartOf\":{\"@id\":\"https:\\\/\\\/silje.es\\\/#website\"},\"primaryImageOfPage\":{\"@id\":\"https:\\\/\\\/silje.es\\\/index.php\\\/2026\\\/07\\\/31\\\/justicia-razon-elecciones\\\/#primaryimage\"},\"image\":{\"@id\":\"https:\\\/\\\/silje.es\\\/index.php\\\/2026\\\/07\\\/31\\\/justicia-razon-elecciones\\\/#primaryimage\"},\"thumbnailUrl\":\"https:\\\/\\\/silje.es\\\/wp-content\\\/uploads\\\/2026\\\/07\\\/Captura-de-pantalla-juzgado-social.png\",\"datePublished\":\"2026-07-31T14:51:49+00:00\",\"dateModified\":\"2026-07-31T15:37:57+00:00\",\"breadcrumb\":{\"@id\":\"https:\\\/\\\/silje.es\\\/index.php\\\/2026\\\/07\\\/31\\\/justicia-razon-elecciones\\\/#breadcrumb\"},\"inLanguage\":\"es\",\"potentialAction\":[{\"@type\":\"ReadAction\",\"target\":[\"https:\\\/\\\/silje.es\\\/index.php\\\/2026\\\/07\\\/31\\\/justicia-razon-elecciones\\\/\"]}]},{\"@type\":\"ImageObject\",\"inLanguage\":\"es\",\"@id\":\"https:\\\/\\\/silje.es\\\/index.php\\\/2026\\\/07\\\/31\\\/justicia-razon-elecciones\\\/#primaryimage\",\"url\":\"https:\\\/\\\/silje.es\\\/wp-content\\\/uploads\\\/2026\\\/07\\\/Captura-de-pantalla-juzgado-social.png\",\"contentUrl\":\"https:\\\/\\\/silje.es\\\/wp-content\\\/uploads\\\/2026\\\/07\\\/Captura-de-pantalla-juzgado-social.png\",\"width\":609,\"height\":472},{\"@type\":\"BreadcrumbList\",\"@id\":\"https:\\\/\\\/silje.es\\\/index.php\\\/2026\\\/07\\\/31\\\/justicia-razon-elecciones\\\/#breadcrumb\",\"itemListElement\":[{\"@type\":\"ListItem\",\"position\":1,\"name\":\"Portada\",\"item\":\"https:\\\/\\\/silje.es\\\/\"},{\"@type\":\"ListItem\",\"position\":2,\"name\":\"La justicia nos da la raz\u00f3n: El Tribunal de lo Social tumba las maniobras para bloquear las elecciones en UTE Jerez\"}]},{\"@type\":\"WebSite\",\"@id\":\"https:\\\/\\\/silje.es\\\/#website\",\"url\":\"https:\\\/\\\/silje.es\\\/\",\"name\":\"Silje\",\"description\":\"Defensa de los derechos laborales en la limpieza viaria y de recogida de residuos de Jerez\",\"publisher\":{\"@id\":\"https:\\\/\\\/silje.es\\\/#organization\"},\"potentialAction\":[{\"@type\":\"SearchAction\",\"target\":{\"@type\":\"EntryPoint\",\"urlTemplate\":\"https:\\\/\\\/silje.es\\\/?s={search_term_string}\"},\"query-input\":{\"@type\":\"PropertyValueSpecification\",\"valueRequired\":true,\"valueName\":\"search_term_string\"}}],\"inLanguage\":\"es\"},{\"@type\":\"Organization\",\"@id\":\"https:\\\/\\\/silje.es\\\/#organization\",\"name\":\"Silje\",\"url\":\"https:\\\/\\\/silje.es\\\/\",\"logo\":{\"@type\":\"ImageObject\",\"inLanguage\":\"es\",\"@id\":\"https:\\\/\\\/silje.es\\\/#\\\/schema\\\/logo\\\/image\\\/\",\"url\":\"https:\\\/\\\/silje.es\\\/wp-content\\\/uploads\\\/2025\\\/12\\\/LOGO2.png\",\"contentUrl\":\"https:\\\/\\\/silje.es\\\/wp-content\\\/uploads\\\/2025\\\/12\\\/LOGO2.png\",\"width\":1024,\"height\":1024,\"caption\":\"Silje\"},\"image\":{\"@id\":\"https:\\\/\\\/silje.es\\\/#\\\/schema\\\/logo\\\/image\\\/\"},\"sameAs\":[\"https:\\\/\\\/www.facebook.com\\\/share\\\/17Ych4KwU6\\\/\",\"https:\\\/\\\/x.com\\\/SILJE2020494779\"]},{\"@type\":\"Person\",\"@id\":\"https:\\\/\\\/silje.es\\\/#\\\/schema\\\/person\\\/83f6a920c51d7fe43a434fb5afc34d98\",\"name\":\"silje\",\"image\":{\"@type\":\"ImageObject\",\"inLanguage\":\"es\",\"@id\":\"https:\\\/\\\/secure.gravatar.com\\\/avatar\\\/1100999215adab01e78051baa67ec4c8ab5f47ef9c31bf88ef45ae58489263bb?s=96&d=mm&r=g\",\"url\":\"https:\\\/\\\/secure.gravatar.com\\\/avatar\\\/1100999215adab01e78051baa67ec4c8ab5f47ef9c31bf88ef45ae58489263bb?s=96&d=mm&r=g\",\"contentUrl\":\"https:\\\/\\\/secure.gravatar.com\\\/avatar\\\/1100999215adab01e78051baa67ec4c8ab5f47ef9c31bf88ef45ae58489263bb?s=96&d=mm&r=g\",\"caption\":\"silje\"},\"url\":\"https:\\\/\\\/silje.es\\\/index.php\\\/author\\\/silje\\\/\"}]}<\/script>\n<!-- \/ Yoast SEO plugin. -->","yoast_head_json":{"title":"La justicia nos da la raz\u00f3n: El Tribunal de lo Social tumba las maniobras para bloquear las elecciones en UTE Jerez -","robots":{"index":"noindex","follow":"follow","max-snippet":"max-snippet:-1","max-image-preview":"max-image-preview:large","max-video-preview":"max-video-preview:-1"},"og_locale":"es_ES","og_type":"article","og_title":"La justicia nos da la raz\u00f3n: El Tribunal de lo Social tumba las maniobras para bloquear las elecciones en UTE Jerez -","og_description":"El Sindicato Independiente de la Limpieza de Jerez (SILJE) celebra el rotundo varapalo judicial asestado por el Tribunal de Instancia de lo Social N\u00ba 3 de Jerez de la Frontera contra la direcci\u00f3n de Jerez U.T.E. y las centrales sindicales afines. El Auto ha desestimado \u00edntegramente la medida cautelar inaudita parte que pretend\u00eda la paralizaci\u00f3n [&hellip;]","og_url":"https:\/\/silje.es\/index.php\/2026\/07\/31\/justicia-razon-elecciones\/","article_publisher":"https:\/\/www.facebook.com\/share\/17Ych4KwU6\/","article_published_time":"2026-07-31T14:51:49+00:00","article_modified_time":"2026-07-31T15:37:57+00:00","og_image":[{"width":609,"height":472,"url":"https:\/\/silje.es\/wp-content\/uploads\/2026\/07\/Captura-de-pantalla-juzgado-social.png","type":"image\/png"}],"author":"silje","twitter_card":"summary_large_image","twitter_creator":"@SILJE2020494779","twitter_site":"@SILJE2020494779","twitter_misc":{"Escrito por":"silje","Tiempo de lectura":"2 minutos"},"schema":{"@context":"https:\/\/schema.org","@graph":[{"@type":"Article","@id":"https:\/\/silje.es\/index.php\/2026\/07\/31\/justicia-razon-elecciones\/#article","isPartOf":{"@id":"https:\/\/silje.es\/index.php\/2026\/07\/31\/justicia-razon-elecciones\/"},"author":{"name":"silje","@id":"https:\/\/silje.es\/#\/schema\/person\/83f6a920c51d7fe43a434fb5afc34d98"},"headline":"La justicia nos da la raz\u00f3n: El Tribunal de lo Social tumba las maniobras para bloquear las elecciones en UTE Jerez","datePublished":"2026-07-31T14:51:49+00:00","dateModified":"2026-07-31T15:37:57+00:00","mainEntityOfPage":{"@id":"https:\/\/silje.es\/index.php\/2026\/07\/31\/justicia-razon-elecciones\/"},"wordCount":406,"commentCount":0,"publisher":{"@id":"https:\/\/silje.es\/#organization"},"image":{"@id":"https:\/\/silje.es\/index.php\/2026\/07\/31\/justicia-razon-elecciones\/#primaryimage"},"thumbnailUrl":"https:\/\/silje.es\/wp-content\/uploads\/2026\/07\/Captura-de-pantalla-juzgado-social.png","articleSection":["Noticias"],"inLanguage":"es","potentialAction":[{"@type":"CommentAction","name":"Comment","target":["https:\/\/silje.es\/index.php\/2026\/07\/31\/justicia-razon-elecciones\/#respond"]}]},{"@type":"WebPage","@id":"https:\/\/silje.es\/index.php\/2026\/07\/31\/justicia-razon-elecciones\/","url":"https:\/\/silje.es\/index.php\/2026\/07\/31\/justicia-razon-elecciones\/","name":"La justicia nos da la raz\u00f3n: El Tribunal de lo Social tumba las maniobras para bloquear las elecciones en UTE Jerez -","isPartOf":{"@id":"https:\/\/silje.es\/#website"},"primaryImageOfPage":{"@id":"https:\/\/silje.es\/index.php\/2026\/07\/31\/justicia-razon-elecciones\/#primaryimage"},"image":{"@id":"https:\/\/silje.es\/index.php\/2026\/07\/31\/justicia-razon-elecciones\/#primaryimage"},"thumbnailUrl":"https:\/\/silje.es\/wp-content\/uploads\/2026\/07\/Captura-de-pantalla-juzgado-social.png","datePublished":"2026-07-31T14:51:49+00:00","dateModified":"2026-07-31T15:37:57+00:00","breadcrumb":{"@id":"https:\/\/silje.es\/index.php\/2026\/07\/31\/justicia-razon-elecciones\/#breadcrumb"},"inLanguage":"es","potentialAction":[{"@type":"ReadAction","target":["https:\/\/silje.es\/index.php\/2026\/07\/31\/justicia-razon-elecciones\/"]}]},{"@type":"ImageObject","inLanguage":"es","@id":"https:\/\/silje.es\/index.php\/2026\/07\/31\/justicia-razon-elecciones\/#primaryimage","url":"https:\/\/silje.es\/wp-content\/uploads\/2026\/07\/Captura-de-pantalla-juzgado-social.png","contentUrl":"https:\/\/silje.es\/wp-content\/uploads\/2026\/07\/Captura-de-pantalla-juzgado-social.png","width":609,"height":472},{"@type":"BreadcrumbList","@id":"https:\/\/silje.es\/index.php\/2026\/07\/31\/justicia-razon-elecciones\/#breadcrumb","itemListElement":[{"@type":"ListItem","position":1,"name":"Portada","item":"https:\/\/silje.es\/"},{"@type":"ListItem","position":2,"name":"La justicia nos da la raz\u00f3n: El Tribunal de lo Social tumba las maniobras para bloquear las elecciones en UTE Jerez"}]},{"@type":"WebSite","@id":"https:\/\/silje.es\/#website","url":"https:\/\/silje.es\/","name":"Silje","description":"Defensa de los derechos laborales en la limpieza viaria y de recogida de residuos de Jerez","publisher":{"@id":"https:\/\/silje.es\/#organization"},"potentialAction":[{"@type":"SearchAction","target":{"@type":"EntryPoint","urlTemplate":"https:\/\/silje.es\/?s={search_term_string}"},"query-input":{"@type":"PropertyValueSpecification","valueRequired":true,"valueName":"search_term_string"}}],"inLanguage":"es"},{"@type":"Organization","@id":"https:\/\/silje.es\/#organization","name":"Silje","url":"https:\/\/silje.es\/","logo":{"@type":"ImageObject","inLanguage":"es","@id":"https:\/\/silje.es\/#\/schema\/logo\/image\/","url":"https:\/\/silje.es\/wp-content\/uploads\/2025\/12\/LOGO2.png","contentUrl":"https:\/\/silje.es\/wp-content\/uploads\/2025\/12\/LOGO2.png","width":1024,"height":1024,"caption":"Silje"},"image":{"@id":"https:\/\/silje.es\/#\/schema\/logo\/image\/"},"sameAs":["https:\/\/www.facebook.com\/share\/17Ych4KwU6\/","https:\/\/x.com\/SILJE2020494779"]},{"@type":"Person","@id":"https:\/\/silje.es\/#\/schema\/person\/83f6a920c51d7fe43a434fb5afc34d98","name":"silje","image":{"@type":"ImageObject","inLanguage":"es","@id":"https:\/\/secure.gravatar.com\/avatar\/1100999215adab01e78051baa67ec4c8ab5f47ef9c31bf88ef45ae58489263bb?s=96&d=mm&r=g","url":"https:\/\/secure.gravatar.com\/avatar\/1100999215adab01e78051baa67ec4c8ab5f47ef9c31bf88ef45ae58489263bb?s=96&d=mm&r=g","contentUrl":"https:\/\/secure.gravatar.com\/avatar\/1100999215adab01e78051baa67ec4c8ab5f47ef9c31bf88ef45ae58489263bb?s=96&d=mm&r=g","caption":"silje"},"url":"https:\/\/silje.es\/index.php\/author\/silje\/"}]}},"_links":{"self":[{"href":"https:\/\/silje.es\/index.php\/wp-json\/wp\/v2\/posts\/826","targetHints":{"allow":["GET"]}}],"collection":[{"href":"https:\/\/silje.es\/index.php\/wp-json\/wp\/v2\/posts"}],"about":[{"href":"https:\/\/silje.es\/index.php\/wp-json\/wp\/v2\/types\/post"}],"author":[{"embeddable":true,"href":"https:\/\/silje.es\/index.php\/wp-json\/wp\/v2\/users\/2"}],"replies":[{"embeddable":true,"href":"https:\/\/silje.es\/index.php\/wp-json\/wp\/v2\/comments?post=826"}],"version-history":[{"count":4,"href":"https:\/\/silje.es\/index.php\/wp-json\/wp\/v2\/posts\/826\/revisions"}],"predecessor-version":[{"id":831,"href":"https:\/\/silje.es\/index.php\/wp-json\/wp\/v2\/posts\/826\/revisions\/831"}],"wp:featuredmedia":[{"embeddable":true,"href":"https:\/\/silje.es\/index.php\/wp-json\/wp\/v2\/media\/818"}],"wp:attachment":[{"href":"https:\/\/silje.es\/index.php\/wp-json\/wp\/v2\/media?parent=826"}],"wp:term":[{"taxonomy":"category","embeddable":true,"href":"https:\/\/silje.es\/index.php\/wp-json\/wp\/v2\/categories?post=826"},{"taxonomy":"post_tag","embeddable":true,"href":"https:\/\/silje.es\/index.php\/wp-json\/wp\/v2\/tags?post=826"}],"curies":[{"name":"wp","href":"https:\/\/api.w.org\/{rel}","templated":true}]}}