{"id":839,"date":"2026-08-06T16:19:48","date_gmt":"2026-08-06T14:19:48","guid":{"rendered":"https:\/\/silje.es\/?p=839"},"modified":"2026-08-06T16:49:38","modified_gmt":"2026-08-06T14:49:38","slug":"silje-exige-reanudar-de-inmediato-las-elecciones-en-ute-jerez-tras-el-rechazo-judicial-a-la-empresa","status":"publish","type":"post","link":"https:\/\/silje.es\/index.php\/2026\/08\/06\/silje-exige-reanudar-de-inmediato-las-elecciones-en-ute-jerez-tras-el-rechazo-judicial-a-la-empresa\/","title":{"rendered":"SILJE exige reanudar de inmediato las elecciones en UTE Jerez tras el rechazo judicial a la empresa"},"content":{"rendered":"\n<p class=\"wp-block-paragraph\"><\/p>\n\n\n\n<p class=\"wp-block-paragraph\"><strong>Jerez de la Frontera, 6 de agosto de 2026<\/strong> \u2013 El Sindicato Independiente de la Limpieza de Jerez (SILJE) exige la reanudaci\u00f3n inmediata del proceso electoral en UTE Jerez. Esta reclamaci\u00f3n llega despu\u00e9s de que la Presidenta de la Mesa Electoral haya convocado de urgencia a sus integrantes para retomar las actuaciones de voto.<\/p>\n\n\n\n<p class=\"wp-block-paragraph\">La convocatoria se produce tras el <strong>Auto n\u00ba 83\/2026<\/strong>. En esta resoluci\u00f3n, el Juzgado ha rechazado la medida cautelar solicitada por JEREZ UTE para paralizar el proceso electoral, al no apreciar los requisitos necesarios para acordarla.<\/p>\n\n\n\n<p class=\"wp-block-paragraph\">Requerimientos al Ayuntamiento y al Comit\u00e9 de Empresa<\/p>\n\n\n\n<p class=\"wp-block-paragraph\">Ante esta resoluci\u00f3n judicial, SILJE ha registrado hoy dos requerimientos formales dirigidos a:<\/p>\n\n\n\n<ul class=\"wp-block-list\">\n<li><strong>El Ayuntamiento de Jerez<\/strong><\/li>\n\n\n\n<li><strong>El Comit\u00e9 de Empresa de UTE Jerez<\/strong><\/li>\n<\/ul>\n\n\n\n<p class=\"wp-block-paragraph\">El sindicato exige que ambas partes dejen de permanecer al margen. Deben actuar para garantizar el normal desarrollo del proceso electoral y el derecho de los trabajadores a elegir libremente a sus representantes.<\/p>\n\n\n\n<blockquote class=\"wp-block-quote is-layout-flow wp-block-quote-is-layout-flow\">\n<p class=\"wp-block-paragraph\">&#8220;Ya no quedan excusas para seguir bloqueando la democracia sindical. La empresa no ha conseguido la paralizaci\u00f3n que pretend\u00eda. Ahora corresponde colaborar para que las elecciones contin\u00faen sin m\u00e1s demoras&#8221;, declaran desde SILJE.<\/p>\n<\/blockquote>\n\n\n\n<p class=\"wp-block-paragraph\">Vigilancia activa<\/p>\n\n\n\n<p class=\"wp-block-paragraph\">SILJE permanecer\u00e1 vigilante para que la reuni\u00f3n convocada por la Mesa Electoral sirva para fijar, sin nuevas dilaciones, la continuaci\u00f3n del calendario electoral. Los trabajadores llevan demasiado tiempo esperando. Ha llegado el momento de que las urnas hablen.<\/p>\n\n\n\n<p class=\"wp-block-paragraph\"><strong>SINDICATO INDEPENDIENTE DE LA LIMPIEZA DE JEREZ (SILJE)<\/strong><\/p>\n","protected":false},"excerpt":{"rendered":"<p>Jerez de la Frontera, 6 de agosto de 2026 \u2013 El Sindicato Independiente de la Limpieza de Jerez (SILJE) exige la reanudaci\u00f3n inmediata del proceso electoral en UTE Jerez. Esta reclamaci\u00f3n llega despu\u00e9s de que la Presidenta de la Mesa Electoral haya convocado de urgencia a sus integrantes para retomar las actuaciones de voto. La [&hellip;]<\/p>\n","protected":false},"author":2,"featured_media":843,"comment_status":"open","ping_status":"open","sticky":false,"template":"","format":"standard","meta":{"saved_in_kubio":false,"footnotes":"","_members_access_role":[],"_members_access_error":""},"categories":[11],"tags":[],"class_list":["post-839","post","type-post","status-publish","format-standard","has-post-thumbnail","hentry","category-comunicados"],"yoast_head":"<!-- This site is optimized with the Yoast SEO plugin v28.0 - https:\/\/yoast.com\/product\/yoast-seo-wordpress\/ -->\n<title>SILJE exige reanudar de inmediato las elecciones en UTE Jerez tras el rechazo judicial a la empresa -<\/title>\n<meta name=\"robots\" content=\"noindex, follow, max-snippet:-1, max-image-preview:large, max-video-preview:-1\" \/>\n<meta property=\"og:locale\" content=\"es_ES\" \/>\n<meta property=\"og:type\" content=\"article\" \/>\n<meta property=\"og:title\" content=\"SILJE exige reanudar de inmediato las elecciones en UTE Jerez tras el rechazo judicial a la empresa -\" \/>\n<meta property=\"og:description\" content=\"Jerez de la Frontera, 6 de agosto de 2026 \u2013 El Sindicato Independiente de la Limpieza de Jerez (SILJE) exige la reanudaci\u00f3n inmediata del proceso electoral en UTE Jerez. Esta reclamaci\u00f3n llega despu\u00e9s de que la Presidenta de la Mesa Electoral haya convocado de urgencia a sus integrantes para retomar las actuaciones de voto. La [&hellip;]\" \/>\n<meta property=\"og:url\" content=\"https:\/\/silje.es\/index.php\/2026\/08\/06\/silje-exige-reanudar-de-inmediato-las-elecciones-en-ute-jerez-tras-el-rechazo-judicial-a-la-empresa\/\" \/>\n<meta property=\"article:publisher\" content=\"https:\/\/www.facebook.com\/share\/17Ych4KwU6\/\" \/>\n<meta property=\"article:published_time\" content=\"2026-08-06T14:19:48+00:00\" \/>\n<meta property=\"article:modified_time\" content=\"2026-08-06T14:49:38+00:00\" \/>\n<meta property=\"og:image\" content=\"https:\/\/silje.es\/wp-content\/uploads\/2026\/08\/proceso-electoral-1.png\" \/>\n\t<meta property=\"og:image:width\" content=\"516\" \/>\n\t<meta property=\"og:image:height\" content=\"402\" \/>\n\t<meta property=\"og:image:type\" content=\"image\/png\" \/>\n<meta name=\"author\" content=\"silje\" \/>\n<meta name=\"twitter:card\" content=\"summary_large_image\" \/>\n<meta name=\"twitter:creator\" content=\"@SILJE2020494779\" \/>\n<meta name=\"twitter:site\" content=\"@SILJE2020494779\" \/>\n<meta name=\"twitter:label1\" content=\"Escrito por\" \/>\n\t<meta name=\"twitter:data1\" content=\"silje\" \/>\n\t<meta name=\"twitter:label2\" content=\"Tiempo de lectura\" \/>\n\t<meta name=\"twitter:data2\" content=\"2 minutos\" \/>\n<script type=\"application\/ld+json\" class=\"yoast-schema-graph\">{\"@context\":\"https:\\\/\\\/schema.org\",\"@graph\":[{\"@type\":\"Article\",\"@id\":\"https:\\\/\\\/silje.es\\\/index.php\\\/2026\\\/08\\\/06\\\/silje-exige-reanudar-de-inmediato-las-elecciones-en-ute-jerez-tras-el-rechazo-judicial-a-la-empresa\\\/#article\",\"isPartOf\":{\"@id\":\"https:\\\/\\\/silje.es\\\/index.php\\\/2026\\\/08\\\/06\\\/silje-exige-reanudar-de-inmediato-las-elecciones-en-ute-jerez-tras-el-rechazo-judicial-a-la-empresa\\\/\"},\"author\":{\"name\":\"silje\",\"@id\":\"https:\\\/\\\/silje.es\\\/#\\\/schema\\\/person\\\/83f6a920c51d7fe43a434fb5afc34d98\"},\"headline\":\"SILJE exige reanudar de inmediato las elecciones en UTE Jerez tras el rechazo judicial a la empresa\",\"datePublished\":\"2026-08-06T14:19:48+00:00\",\"dateModified\":\"2026-08-06T14:49:38+00:00\",\"mainEntityOfPage\":{\"@id\":\"https:\\\/\\\/silje.es\\\/index.php\\\/2026\\\/08\\\/06\\\/silje-exige-reanudar-de-inmediato-las-elecciones-en-ute-jerez-tras-el-rechazo-judicial-a-la-empresa\\\/\"},\"wordCount\":260,\"commentCount\":0,\"publisher\":{\"@id\":\"https:\\\/\\\/silje.es\\\/#organization\"},\"image\":{\"@id\":\"https:\\\/\\\/silje.es\\\/index.php\\\/2026\\\/08\\\/06\\\/silje-exige-reanudar-de-inmediato-las-elecciones-en-ute-jerez-tras-el-rechazo-judicial-a-la-empresa\\\/#primaryimage\"},\"thumbnailUrl\":\"https:\\\/\\\/silje.es\\\/wp-content\\\/uploads\\\/2026\\\/08\\\/proceso-electoral-1.png\",\"articleSection\":[\"Comunicados\"],\"inLanguage\":\"es\",\"potentialAction\":[{\"@type\":\"CommentAction\",\"name\":\"Comment\",\"target\":[\"https:\\\/\\\/silje.es\\\/index.php\\\/2026\\\/08\\\/06\\\/silje-exige-reanudar-de-inmediato-las-elecciones-en-ute-jerez-tras-el-rechazo-judicial-a-la-empresa\\\/#respond\"]}]},{\"@type\":\"WebPage\",\"@id\":\"https:\\\/\\\/silje.es\\\/index.php\\\/2026\\\/08\\\/06\\\/silje-exige-reanudar-de-inmediato-las-elecciones-en-ute-jerez-tras-el-rechazo-judicial-a-la-empresa\\\/\",\"url\":\"https:\\\/\\\/silje.es\\\/index.php\\\/2026\\\/08\\\/06\\\/silje-exige-reanudar-de-inmediato-las-elecciones-en-ute-jerez-tras-el-rechazo-judicial-a-la-empresa\\\/\",\"name\":\"SILJE exige reanudar de inmediato las elecciones en UTE Jerez tras el rechazo judicial a la empresa -\",\"isPartOf\":{\"@id\":\"https:\\\/\\\/silje.es\\\/#website\"},\"primaryImageOfPage\":{\"@id\":\"https:\\\/\\\/silje.es\\\/index.php\\\/2026\\\/08\\\/06\\\/silje-exige-reanudar-de-inmediato-las-elecciones-en-ute-jerez-tras-el-rechazo-judicial-a-la-empresa\\\/#primaryimage\"},\"image\":{\"@id\":\"https:\\\/\\\/silje.es\\\/index.php\\\/2026\\\/08\\\/06\\\/silje-exige-reanudar-de-inmediato-las-elecciones-en-ute-jerez-tras-el-rechazo-judicial-a-la-empresa\\\/#primaryimage\"},\"thumbnailUrl\":\"https:\\\/\\\/silje.es\\\/wp-content\\\/uploads\\\/2026\\\/08\\\/proceso-electoral-1.png\",\"datePublished\":\"2026-08-06T14:19:48+00:00\",\"dateModified\":\"2026-08-06T14:49:38+00:00\",\"breadcrumb\":{\"@id\":\"https:\\\/\\\/silje.es\\\/index.php\\\/2026\\\/08\\\/06\\\/silje-exige-reanudar-de-inmediato-las-elecciones-en-ute-jerez-tras-el-rechazo-judicial-a-la-empresa\\\/#breadcrumb\"},\"inLanguage\":\"es\",\"potentialAction\":[{\"@type\":\"ReadAction\",\"target\":[\"https:\\\/\\\/silje.es\\\/index.php\\\/2026\\\/08\\\/06\\\/silje-exige-reanudar-de-inmediato-las-elecciones-en-ute-jerez-tras-el-rechazo-judicial-a-la-empresa\\\/\"]}]},{\"@type\":\"ImageObject\",\"inLanguage\":\"es\",\"@id\":\"https:\\\/\\\/silje.es\\\/index.php\\\/2026\\\/08\\\/06\\\/silje-exige-reanudar-de-inmediato-las-elecciones-en-ute-jerez-tras-el-rechazo-judicial-a-la-empresa\\\/#primaryimage\",\"url\":\"https:\\\/\\\/silje.es\\\/wp-content\\\/uploads\\\/2026\\\/08\\\/proceso-electoral-1.png\",\"contentUrl\":\"https:\\\/\\\/silje.es\\\/wp-content\\\/uploads\\\/2026\\\/08\\\/proceso-electoral-1.png\",\"width\":516,\"height\":402},{\"@type\":\"BreadcrumbList\",\"@id\":\"https:\\\/\\\/silje.es\\\/index.php\\\/2026\\\/08\\\/06\\\/silje-exige-reanudar-de-inmediato-las-elecciones-en-ute-jerez-tras-el-rechazo-judicial-a-la-empresa\\\/#breadcrumb\",\"itemListElement\":[{\"@type\":\"ListItem\",\"position\":1,\"name\":\"Portada\",\"item\":\"https:\\\/\\\/silje.es\\\/\"},{\"@type\":\"ListItem\",\"position\":2,\"name\":\"SILJE exige reanudar de inmediato las elecciones en UTE Jerez tras el rechazo judicial a la empresa\"}]},{\"@type\":\"WebSite\",\"@id\":\"https:\\\/\\\/silje.es\\\/#website\",\"url\":\"https:\\\/\\\/silje.es\\\/\",\"name\":\"Silje\",\"description\":\"Defensa de los derechos laborales en la limpieza viaria y de recogida de residuos de Jerez\",\"publisher\":{\"@id\":\"https:\\\/\\\/silje.es\\\/#organization\"},\"potentialAction\":[{\"@type\":\"SearchAction\",\"target\":{\"@type\":\"EntryPoint\",\"urlTemplate\":\"https:\\\/\\\/silje.es\\\/?s={search_term_string}\"},\"query-input\":{\"@type\":\"PropertyValueSpecification\",\"valueRequired\":true,\"valueName\":\"search_term_string\"}}],\"inLanguage\":\"es\"},{\"@type\":\"Organization\",\"@id\":\"https:\\\/\\\/silje.es\\\/#organization\",\"name\":\"Silje\",\"url\":\"https:\\\/\\\/silje.es\\\/\",\"logo\":{\"@type\":\"ImageObject\",\"inLanguage\":\"es\",\"@id\":\"https:\\\/\\\/silje.es\\\/#\\\/schema\\\/logo\\\/image\\\/\",\"url\":\"https:\\\/\\\/silje.es\\\/wp-content\\\/uploads\\\/2025\\\/12\\\/LOGO2.png\",\"contentUrl\":\"https:\\\/\\\/silje.es\\\/wp-content\\\/uploads\\\/2025\\\/12\\\/LOGO2.png\",\"width\":1024,\"height\":1024,\"caption\":\"Silje\"},\"image\":{\"@id\":\"https:\\\/\\\/silje.es\\\/#\\\/schema\\\/logo\\\/image\\\/\"},\"sameAs\":[\"https:\\\/\\\/www.facebook.com\\\/share\\\/17Ych4KwU6\\\/\",\"https:\\\/\\\/x.com\\\/SILJE2020494779\"]},{\"@type\":\"Person\",\"@id\":\"https:\\\/\\\/silje.es\\\/#\\\/schema\\\/person\\\/83f6a920c51d7fe43a434fb5afc34d98\",\"name\":\"silje\",\"image\":{\"@type\":\"ImageObject\",\"inLanguage\":\"es\",\"@id\":\"https:\\\/\\\/secure.gravatar.com\\\/avatar\\\/1100999215adab01e78051baa67ec4c8ab5f47ef9c31bf88ef45ae58489263bb?s=96&d=mm&r=g\",\"url\":\"https:\\\/\\\/secure.gravatar.com\\\/avatar\\\/1100999215adab01e78051baa67ec4c8ab5f47ef9c31bf88ef45ae58489263bb?s=96&d=mm&r=g\",\"contentUrl\":\"https:\\\/\\\/secure.gravatar.com\\\/avatar\\\/1100999215adab01e78051baa67ec4c8ab5f47ef9c31bf88ef45ae58489263bb?s=96&d=mm&r=g\",\"caption\":\"silje\"},\"url\":\"https:\\\/\\\/silje.es\\\/index.php\\\/author\\\/silje\\\/\"}]}<\/script>\n<!-- \/ Yoast SEO plugin. -->","yoast_head_json":{"title":"SILJE exige reanudar de inmediato las elecciones en UTE Jerez tras el rechazo judicial a la empresa -","robots":{"index":"noindex","follow":"follow","max-snippet":"max-snippet:-1","max-image-preview":"max-image-preview:large","max-video-preview":"max-video-preview:-1"},"og_locale":"es_ES","og_type":"article","og_title":"SILJE exige reanudar de inmediato las elecciones en UTE Jerez tras el rechazo judicial a la empresa -","og_description":"Jerez de la Frontera, 6 de agosto de 2026 \u2013 El Sindicato Independiente de la Limpieza de Jerez (SILJE) exige la reanudaci\u00f3n inmediata del proceso electoral en UTE Jerez. Esta reclamaci\u00f3n llega despu\u00e9s de que la Presidenta de la Mesa Electoral haya convocado de urgencia a sus integrantes para retomar las actuaciones de voto. La [&hellip;]","og_url":"https:\/\/silje.es\/index.php\/2026\/08\/06\/silje-exige-reanudar-de-inmediato-las-elecciones-en-ute-jerez-tras-el-rechazo-judicial-a-la-empresa\/","article_publisher":"https:\/\/www.facebook.com\/share\/17Ych4KwU6\/","article_published_time":"2026-08-06T14:19:48+00:00","article_modified_time":"2026-08-06T14:49:38+00:00","og_image":[{"width":516,"height":402,"url":"https:\/\/silje.es\/wp-content\/uploads\/2026\/08\/proceso-electoral-1.png","type":"image\/png"}],"author":"silje","twitter_card":"summary_large_image","twitter_creator":"@SILJE2020494779","twitter_site":"@SILJE2020494779","twitter_misc":{"Escrito por":"silje","Tiempo de lectura":"2 minutos"},"schema":{"@context":"https:\/\/schema.org","@graph":[{"@type":"Article","@id":"https:\/\/silje.es\/index.php\/2026\/08\/06\/silje-exige-reanudar-de-inmediato-las-elecciones-en-ute-jerez-tras-el-rechazo-judicial-a-la-empresa\/#article","isPartOf":{"@id":"https:\/\/silje.es\/index.php\/2026\/08\/06\/silje-exige-reanudar-de-inmediato-las-elecciones-en-ute-jerez-tras-el-rechazo-judicial-a-la-empresa\/"},"author":{"name":"silje","@id":"https:\/\/silje.es\/#\/schema\/person\/83f6a920c51d7fe43a434fb5afc34d98"},"headline":"SILJE exige reanudar de inmediato las elecciones en UTE Jerez tras el rechazo judicial a la empresa","datePublished":"2026-08-06T14:19:48+00:00","dateModified":"2026-08-06T14:49:38+00:00","mainEntityOfPage":{"@id":"https:\/\/silje.es\/index.php\/2026\/08\/06\/silje-exige-reanudar-de-inmediato-las-elecciones-en-ute-jerez-tras-el-rechazo-judicial-a-la-empresa\/"},"wordCount":260,"commentCount":0,"publisher":{"@id":"https:\/\/silje.es\/#organization"},"image":{"@id":"https:\/\/silje.es\/index.php\/2026\/08\/06\/silje-exige-reanudar-de-inmediato-las-elecciones-en-ute-jerez-tras-el-rechazo-judicial-a-la-empresa\/#primaryimage"},"thumbnailUrl":"https:\/\/silje.es\/wp-content\/uploads\/2026\/08\/proceso-electoral-1.png","articleSection":["Comunicados"],"inLanguage":"es","potentialAction":[{"@type":"CommentAction","name":"Comment","target":["https:\/\/silje.es\/index.php\/2026\/08\/06\/silje-exige-reanudar-de-inmediato-las-elecciones-en-ute-jerez-tras-el-rechazo-judicial-a-la-empresa\/#respond"]}]},{"@type":"WebPage","@id":"https:\/\/silje.es\/index.php\/2026\/08\/06\/silje-exige-reanudar-de-inmediato-las-elecciones-en-ute-jerez-tras-el-rechazo-judicial-a-la-empresa\/","url":"https:\/\/silje.es\/index.php\/2026\/08\/06\/silje-exige-reanudar-de-inmediato-las-elecciones-en-ute-jerez-tras-el-rechazo-judicial-a-la-empresa\/","name":"SILJE exige reanudar de inmediato las elecciones en UTE Jerez tras el rechazo judicial a la empresa -","isPartOf":{"@id":"https:\/\/silje.es\/#website"},"primaryImageOfPage":{"@id":"https:\/\/silje.es\/index.php\/2026\/08\/06\/silje-exige-reanudar-de-inmediato-las-elecciones-en-ute-jerez-tras-el-rechazo-judicial-a-la-empresa\/#primaryimage"},"image":{"@id":"https:\/\/silje.es\/index.php\/2026\/08\/06\/silje-exige-reanudar-de-inmediato-las-elecciones-en-ute-jerez-tras-el-rechazo-judicial-a-la-empresa\/#primaryimage"},"thumbnailUrl":"https:\/\/silje.es\/wp-content\/uploads\/2026\/08\/proceso-electoral-1.png","datePublished":"2026-08-06T14:19:48+00:00","dateModified":"2026-08-06T14:49:38+00:00","breadcrumb":{"@id":"https:\/\/silje.es\/index.php\/2026\/08\/06\/silje-exige-reanudar-de-inmediato-las-elecciones-en-ute-jerez-tras-el-rechazo-judicial-a-la-empresa\/#breadcrumb"},"inLanguage":"es","potentialAction":[{"@type":"ReadAction","target":["https:\/\/silje.es\/index.php\/2026\/08\/06\/silje-exige-reanudar-de-inmediato-las-elecciones-en-ute-jerez-tras-el-rechazo-judicial-a-la-empresa\/"]}]},{"@type":"ImageObject","inLanguage":"es","@id":"https:\/\/silje.es\/index.php\/2026\/08\/06\/silje-exige-reanudar-de-inmediato-las-elecciones-en-ute-jerez-tras-el-rechazo-judicial-a-la-empresa\/#primaryimage","url":"https:\/\/silje.es\/wp-content\/uploads\/2026\/08\/proceso-electoral-1.png","contentUrl":"https:\/\/silje.es\/wp-content\/uploads\/2026\/08\/proceso-electoral-1.png","width":516,"height":402},{"@type":"BreadcrumbList","@id":"https:\/\/silje.es\/index.php\/2026\/08\/06\/silje-exige-reanudar-de-inmediato-las-elecciones-en-ute-jerez-tras-el-rechazo-judicial-a-la-empresa\/#breadcrumb","itemListElement":[{"@type":"ListItem","position":1,"name":"Portada","item":"https:\/\/silje.es\/"},{"@type":"ListItem","position":2,"name":"SILJE exige reanudar de inmediato las elecciones en UTE Jerez tras el rechazo judicial a la empresa"}]},{"@type":"WebSite","@id":"https:\/\/silje.es\/#website","url":"https:\/\/silje.es\/","name":"Silje","description":"Defensa de los derechos laborales en la limpieza viaria y de recogida de residuos de Jerez","publisher":{"@id":"https:\/\/silje.es\/#organization"},"potentialAction":[{"@type":"SearchAction","target":{"@type":"EntryPoint","urlTemplate":"https:\/\/silje.es\/?s={search_term_string}"},"query-input":{"@type":"PropertyValueSpecification","valueRequired":true,"valueName":"search_term_string"}}],"inLanguage":"es"},{"@type":"Organization","@id":"https:\/\/silje.es\/#organization","name":"Silje","url":"https:\/\/silje.es\/","logo":{"@type":"ImageObject","inLanguage":"es","@id":"https:\/\/silje.es\/#\/schema\/logo\/image\/","url":"https:\/\/silje.es\/wp-content\/uploads\/2025\/12\/LOGO2.png","contentUrl":"https:\/\/silje.es\/wp-content\/uploads\/2025\/12\/LOGO2.png","width":1024,"height":1024,"caption":"Silje"},"image":{"@id":"https:\/\/silje.es\/#\/schema\/logo\/image\/"},"sameAs":["https:\/\/www.facebook.com\/share\/17Ych4KwU6\/","https:\/\/x.com\/SILJE2020494779"]},{"@type":"Person","@id":"https:\/\/silje.es\/#\/schema\/person\/83f6a920c51d7fe43a434fb5afc34d98","name":"silje","image":{"@type":"ImageObject","inLanguage":"es","@id":"https:\/\/secure.gravatar.com\/avatar\/1100999215adab01e78051baa67ec4c8ab5f47ef9c31bf88ef45ae58489263bb?s=96&d=mm&r=g","url":"https:\/\/secure.gravatar.com\/avatar\/1100999215adab01e78051baa67ec4c8ab5f47ef9c31bf88ef45ae58489263bb?s=96&d=mm&r=g","contentUrl":"https:\/\/secure.gravatar.com\/avatar\/1100999215adab01e78051baa67ec4c8ab5f47ef9c31bf88ef45ae58489263bb?s=96&d=mm&r=g","caption":"silje"},"url":"https:\/\/silje.es\/index.php\/author\/silje\/"}]}},"_links":{"self":[{"href":"https:\/\/silje.es\/index.php\/wp-json\/wp\/v2\/posts\/839","targetHints":{"allow":["GET"]}}],"collection":[{"href":"https:\/\/silje.es\/index.php\/wp-json\/wp\/v2\/posts"}],"about":[{"href":"https:\/\/silje.es\/index.php\/wp-json\/wp\/v2\/types\/post"}],"author":[{"embeddable":true,"href":"https:\/\/silje.es\/index.php\/wp-json\/wp\/v2\/users\/2"}],"replies":[{"embeddable":true,"href":"https:\/\/silje.es\/index.php\/wp-json\/wp\/v2\/comments?post=839"}],"version-history":[{"count":1,"href":"https:\/\/silje.es\/index.php\/wp-json\/wp\/v2\/posts\/839\/revisions"}],"predecessor-version":[{"id":840,"href":"https:\/\/silje.es\/index.php\/wp-json\/wp\/v2\/posts\/839\/revisions\/840"}],"wp:featuredmedia":[{"embeddable":true,"href":"https:\/\/silje.es\/index.php\/wp-json\/wp\/v2\/media\/843"}],"wp:attachment":[{"href":"https:\/\/silje.es\/index.php\/wp-json\/wp\/v2\/media?parent=839"}],"wp:term":[{"taxonomy":"category","embeddable":true,"href":"https:\/\/silje.es\/index.php\/wp-json\/wp\/v2\/categories?post=839"},{"taxonomy":"post_tag","embeddable":true,"href":"https:\/\/silje.es\/index.php\/wp-json\/wp\/v2\/tags?post=839"}],"curies":[{"name":"wp","href":"https:\/\/api.w.org\/{rel}","templated":true}]}}